{"id":407,"date":"2023-04-13T21:04:37","date_gmt":"2023-04-13T19:04:37","guid":{"rendered":"https:\/\/weinhammel.stilmission.de\/?p=407"},"modified":"2023-12-30T17:29:51","modified_gmt":"2023-12-30T16:29:51","slug":"weihnachtsmenu-2023","status":"publish","type":"post","link":"https:\/\/www.weinhammel.de\/en\/weihnachtsmenu-2023\/","title":{"rendered":"Weihnachtsmen\u00fc 2023"},"content":{"rendered":"<p>Samstag, 02.12.23 um 18 Uhr<\/p>\n\n\n\n<p>Unsere Carla und ihr K\u00fcchenteam m\u00f6chten Sie mit einem 3-G\u00e4nge-Men\u00fc verzaubern, um Sie auf die anstehenden Feiertage einzustimmen.<\/p>\n\n\n\n<p>Das Weihnachtsmen\u00fc muss bei uns im Weingut unter der 06359\/86401 vorab reserviert werden.<\/p>\n\n\n\n<p><strong>Leider schon ausgebucht! Wir f\u00fchren eine Warteliste, sprechen Sie uns einfach an.<\/strong><\/p>","protected":false},"excerpt":{"rendered":"<p>Zu unserem 300-j\u00e4hrigen Jubil\u00e4um m\u00f6chten wir Sie dieses Jahr zu unserem Weihnachtsmen\u00fc einladen.<\/p>","protected":false},"author":1,"featured_media":0,"comment_status":"closed","ping_status":"closed","sticky":false,"template":"","format":"standard","meta":{"footnotes":""},"categories":[1],"tags":[],"class_list":["post-407","post","type-post","status-publish","format-standard","hentry","category-allgemein"],"_links":{"self":[{"href":"https:\/\/www.weinhammel.de\/en\/wp-json\/wp\/v2\/posts\/407","targetHints":{"allow":["GET"]}}],"collection":[{"href":"https:\/\/www.weinhammel.de\/en\/wp-json\/wp\/v2\/posts"}],"about":[{"href":"https:\/\/www.weinhammel.de\/en\/wp-json\/wp\/v2\/types\/post"}],"author":[{"embeddable":true,"href":"https:\/\/www.weinhammel.de\/en\/wp-json\/wp\/v2\/users\/1"}],"replies":[{"embeddable":true,"href":"https:\/\/www.weinhammel.de\/en\/wp-json\/wp\/v2\/comments?post=407"}],"version-history":[{"count":0,"href":"https:\/\/www.weinhammel.de\/en\/wp-json\/wp\/v2\/posts\/407\/revisions"}],"wp:attachment":[{"href":"https:\/\/www.weinhammel.de\/en\/wp-json\/wp\/v2\/media?parent=407"}],"wp:term":[{"taxonomy":"category","embeddable":true,"href":"https:\/\/www.weinhammel.de\/en\/wp-json\/wp\/v2\/categories?post=407"},{"taxonomy":"post_tag","embeddable":true,"href":"https:\/\/www.weinhammel.de\/en\/wp-json\/wp\/v2\/tags?post=407"}],"curies":[{"name":"wp","href":"https:\/\/api.w.org\/{rel}","templated":true}]}}